{"id":1315,"date":"2021-03-08T14:57:56","date_gmt":"2021-03-08T20:57:56","guid":{"rendered":"https:\/\/www.planeta-neli.es\/foto\/?p=1315"},"modified":"2021-03-08T14:57:57","modified_gmt":"2021-03-08T20:57:57","slug":"priorino-grande","status":"publish","type":"post","link":"https:\/\/www.planeta-neli.es\/foto\/priorino-grande\/","title":{"rendered":"Priori\u00f1o grande"},"content":{"rendered":"\n<p>Al lado del faro de Cabo Priori\u00f1o, nos encontramos con el mirador de Priori\u00f1o grande, desde donde se puede disfrutar de unas preciosas vistas del mar, pudiendo  adentrarse en unas antiguas bater\u00edas o bien desde la parte alta. Varios caminos, muchos de ellos usados por ciclistas, van recorriendo la costa, por lo que se puede hacer una bonita caminata. Es un lugar donde suele haber mucho viento por lo que es mejor ir con buen tiempo y como en cualquier ruta de costa, con un buen calzado y con precauci\u00f3n.<\/p>\n\n\n\n\n<div class=\"ngg-galleryoverview ngg-slideshow\"\n\tid=\"ngg-slideshow-77fed50db59ecfe8646d302fcf0c37f8-8733853270\"\n\tdata-gallery-id=\"77fed50db59ecfe8646d302fcf0c37f8\"\n\tstyle=\"max-width: 600px;\n\t\t\tmax-height: 400px;\n\t\t\tdisplay: none;\">\n\n\t\n\t\t<a href=\"https:\/\/www.planeta-neli.es\/foto\/wp-content\/gallery\/priorino\/priorino-21-03-17-w.jpg\"\n\t\t\ttitle=\"OLYMPUS DIGITAL CAMERA\"\n\t\t\tdata-src=\"https:\/\/www.planeta-neli.es\/foto\/wp-content\/gallery\/priorino\/priorino-21-03-17-w.jpg\"\n\t\t\tdata-thumbnail=\"https:\/\/www.planeta-neli.es\/foto\/wp-content\/gallery\/priorino\/thumbs\/thumbs_priorino-21-03-17-w.jpg\"\n\t\t\tdata-image-id=\"457\"\n\t\t\tdata-title=\"OLYMPUS DIGITAL CAMERA\"\n\t\t\tdata-description=\"OLYMPUS DIGITAL CAMERA\"\n\t\t\tclass=\"ngg-fancybox\" rel=\"77fed50db59ecfe8646d302fcf0c37f8\">\n\n\t\t\t<img data-image-id='457'\n\t\t\t\ttitle=\"OLYMPUS DIGITAL CAMERA\"\n\t\t\t\talt=\"OLYMPUS DIGITAL CAMERA\"\n\t\t\t\tsrc=\"https:\/\/www.planeta-neli.es\/foto\/wp-content\/gallery\/priorino\/priorino-21-03-17-w.jpg\"\n\t\t\t\tstyle=\"max-height: 380px;\"\/>\n\t\t<\/a>\n\n\t\t\n\t\t<a href=\"https:\/\/www.planeta-neli.es\/foto\/wp-content\/gallery\/priorino\/priorino-21-03-06-w.jpg\"\n\t\t\ttitle=\"OLYMPUS DIGITAL CAMERA\"\n\t\t\tdata-src=\"https:\/\/www.planeta-neli.es\/foto\/wp-content\/gallery\/priorino\/priorino-21-03-06-w.jpg\"\n\t\t\tdata-thumbnail=\"https:\/\/www.planeta-neli.es\/foto\/wp-content\/gallery\/priorino\/thumbs\/thumbs_priorino-21-03-06-w.jpg\"\n\t\t\tdata-image-id=\"455\"\n\t\t\tdata-title=\"OLYMPUS DIGITAL CAMERA\"\n\t\t\tdata-description=\"OLYMPUS DIGITAL CAMERA\"\n\t\t\tclass=\"ngg-fancybox\" rel=\"77fed50db59ecfe8646d302fcf0c37f8\">\n\n\t\t\t<img data-image-id='455'\n\t\t\t\ttitle=\"OLYMPUS DIGITAL CAMERA\"\n\t\t\t\talt=\"OLYMPUS DIGITAL CAMERA\"\n\t\t\t\tsrc=\"https:\/\/www.planeta-neli.es\/foto\/wp-content\/gallery\/priorino\/priorino-21-03-06-w.jpg\"\n\t\t\t\tstyle=\"max-height: 380px;\"\/>\n\t\t<\/a>\n\n\t\t\n\t\t<a href=\"https:\/\/www.planeta-neli.es\/foto\/wp-content\/gallery\/priorino\/priorino-21-03-13-w.jpg\"\n\t\t\ttitle=\"OLYMPUS DIGITAL CAMERA\"\n\t\t\tdata-src=\"https:\/\/www.planeta-neli.es\/foto\/wp-content\/gallery\/priorino\/priorino-21-03-13-w.jpg\"\n\t\t\tdata-thumbnail=\"https:\/\/www.planeta-neli.es\/foto\/wp-content\/gallery\/priorino\/thumbs\/thumbs_priorino-21-03-13-w.jpg\"\n\t\t\tdata-image-id=\"456\"\n\t\t\tdata-title=\"OLYMPUS DIGITAL CAMERA\"\n\t\t\tdata-description=\"OLYMPUS DIGITAL CAMERA\"\n\t\t\tclass=\"ngg-fancybox\" rel=\"77fed50db59ecfe8646d302fcf0c37f8\">\n\n\t\t\t<img data-image-id='456'\n\t\t\t\ttitle=\"OLYMPUS DIGITAL CAMERA\"\n\t\t\t\talt=\"OLYMPUS DIGITAL CAMERA\"\n\t\t\t\tsrc=\"https:\/\/www.planeta-neli.es\/foto\/wp-content\/gallery\/priorino\/priorino-21-03-13-w.jpg\"\n\t\t\t\tstyle=\"max-height: 380px;\"\/>\n\t\t<\/a>\n\n\t\t\n\t\t<a href=\"https:\/\/www.planeta-neli.es\/foto\/wp-content\/gallery\/priorino\/priorino-21-03-19-w.jpg\"\n\t\t\ttitle=\"OLYMPUS DIGITAL CAMERA\"\n\t\t\tdata-src=\"https:\/\/www.planeta-neli.es\/foto\/wp-content\/gallery\/priorino\/priorino-21-03-19-w.jpg\"\n\t\t\tdata-thumbnail=\"https:\/\/www.planeta-neli.es\/foto\/wp-content\/gallery\/priorino\/thumbs\/thumbs_priorino-21-03-19-w.jpg\"\n\t\t\tdata-image-id=\"458\"\n\t\t\tdata-title=\"OLYMPUS DIGITAL CAMERA\"\n\t\t\tdata-description=\"OLYMPUS DIGITAL CAMERA\"\n\t\t\tclass=\"ngg-fancybox\" rel=\"77fed50db59ecfe8646d302fcf0c37f8\">\n\n\t\t\t<img data-image-id='458'\n\t\t\t\ttitle=\"OLYMPUS DIGITAL CAMERA\"\n\t\t\t\talt=\"OLYMPUS DIGITAL CAMERA\"\n\t\t\t\tsrc=\"https:\/\/www.planeta-neli.es\/foto\/wp-content\/gallery\/priorino\/priorino-21-03-19-w.jpg\"\n\t\t\t\tstyle=\"max-height: 380px;\"\/>\n\t\t<\/a>\n\n\t\t\n\t\t<a href=\"https:\/\/www.planeta-neli.es\/foto\/wp-content\/gallery\/priorino\/priorino-21-03-24-w.jpg\"\n\t\t\ttitle=\"OLYMPUS DIGITAL CAMERA\"\n\t\t\tdata-src=\"https:\/\/www.planeta-neli.es\/foto\/wp-content\/gallery\/priorino\/priorino-21-03-24-w.jpg\"\n\t\t\tdata-thumbnail=\"https:\/\/www.planeta-neli.es\/foto\/wp-content\/gallery\/priorino\/thumbs\/thumbs_priorino-21-03-24-w.jpg\"\n\t\t\tdata-image-id=\"459\"\n\t\t\tdata-title=\"OLYMPUS DIGITAL CAMERA\"\n\t\t\tdata-description=\"OLYMPUS DIGITAL CAMERA\"\n\t\t\tclass=\"ngg-fancybox\" rel=\"77fed50db59ecfe8646d302fcf0c37f8\">\n\n\t\t\t<img data-image-id='459'\n\t\t\t\ttitle=\"OLYMPUS DIGITAL CAMERA\"\n\t\t\t\talt=\"OLYMPUS DIGITAL CAMERA\"\n\t\t\t\tsrc=\"https:\/\/www.planeta-neli.es\/foto\/wp-content\/gallery\/priorino\/priorino-21-03-24-w.jpg\"\n\t\t\t\tstyle=\"max-height: 380px;\"\/>\n\t\t<\/a>\n\n\t\t\n\t\t<a href=\"https:\/\/www.planeta-neli.es\/foto\/wp-content\/gallery\/priorino\/priorino-21-03-25-w.jpg\"\n\t\t\ttitle=\"OLYMPUS DIGITAL CAMERA\"\n\t\t\tdata-src=\"https:\/\/www.planeta-neli.es\/foto\/wp-content\/gallery\/priorino\/priorino-21-03-25-w.jpg\"\n\t\t\tdata-thumbnail=\"https:\/\/www.planeta-neli.es\/foto\/wp-content\/gallery\/priorino\/thumbs\/thumbs_priorino-21-03-25-w.jpg\"\n\t\t\tdata-image-id=\"460\"\n\t\t\tdata-title=\"OLYMPUS DIGITAL CAMERA\"\n\t\t\tdata-description=\"OLYMPUS DIGITAL CAMERA\"\n\t\t\tclass=\"ngg-fancybox\" rel=\"77fed50db59ecfe8646d302fcf0c37f8\">\n\n\t\t\t<img data-image-id='460'\n\t\t\t\ttitle=\"OLYMPUS DIGITAL CAMERA\"\n\t\t\t\talt=\"OLYMPUS DIGITAL CAMERA\"\n\t\t\t\tsrc=\"https:\/\/www.planeta-neli.es\/foto\/wp-content\/gallery\/priorino\/priorino-21-03-25-w.jpg\"\n\t\t\t\tstyle=\"max-height: 380px;\"\/>\n\t\t<\/a>\n\n\t\t<\/div>\n\n\t\t<!-- Thumbnails Link -->\n\t<div class=\"slideshowlink\" style=\"max-width: 600px;\">\n\t\t<a href='https:\/\/www.planeta-neli.es\/foto\/priorino-grande\/nggallery\/thumbnails'>[Show thumbnails]<\/a>\n\t<\/div>\n\n\n","protected":false},"excerpt":{"rendered":"<p>Al lado del faro de Cabo Priori\u00f1o, nos encontramos con el mirador de Priori\u00f1o grande, desde donde se puede disfrutar de unas preciosas vistas del mar, pudiendo adentrarse en unas antiguas bater\u00edas o bien desde la parte alta. Varios caminos, muchos de ellos usados por ciclistas, van recorriendo la costa, por lo que se puede <a class=\"read-more\" href=\"https:\/\/www.planeta-neli.es\/foto\/priorino-grande\/\">Read More<\/a><\/p>\n","protected":false},"author":1,"featured_media":0,"comment_status":"open","ping_status":"open","sticky":false,"template":"","format":"standard","meta":{"ngg_post_thumbnail":0,"footnotes":""},"categories":[1],"tags":[86,226,227,225,85,228],"class_list":["post-1315","post","type-post","status-publish","format-standard","hentry","category-sin-categoria","tag-acantilados","tag-baterias","tag-costa","tag-mar","tag-playa","tag-sea"],"yoast_head":"<!-- This site is optimized with the Yoast SEO plugin v23.5 - https:\/\/yoast.com\/wordpress\/plugins\/seo\/ -->\n<title>Priori\u00f1o grande - Planeta-Neli<\/title>\n<meta name=\"description\" content=\"Acantilados de Priori\u00f1o grande en Ferrol.\" \/>\n<meta name=\"robots\" content=\"index, follow, max-snippet:-1, max-image-preview:large, max-video-preview:-1\" \/>\n<link rel=\"canonical\" href=\"https:\/\/www.planeta-neli.es\/foto\/priorino-grande\/\" \/>\n<meta property=\"og:locale\" content=\"es_MX\" \/>\n<meta property=\"og:type\" content=\"article\" \/>\n<meta property=\"og:title\" content=\"Priori\u00f1o grande - Planeta-Neli\" \/>\n<meta property=\"og:description\" content=\"Acantilados de Priori\u00f1o grande en Ferrol.\" \/>\n<meta property=\"og:url\" content=\"https:\/\/www.planeta-neli.es\/foto\/priorino-grande\/\" \/>\n<meta property=\"og:site_name\" content=\"Planeta-Neli\" \/>\n<meta property=\"article:published_time\" content=\"2021-03-08T20:57:56+00:00\" \/>\n<meta property=\"article:modified_time\" content=\"2021-03-08T20:57:57+00:00\" \/>\n<meta name=\"author\" content=\"Neli Martin\" \/>\n<meta name=\"twitter:card\" content=\"summary_large_image\" \/>\n<meta name=\"twitter:label1\" content=\"Escrito por\" \/>\n\t<meta name=\"twitter:data1\" content=\"Neli Martin\" \/>\n\t<meta name=\"twitter:label2\" content=\"Tiempo de lectura\" \/>\n\t<meta name=\"twitter:data2\" content=\"1 minuto\" \/>\n<script type=\"application\/ld+json\" class=\"yoast-schema-graph\">{\"@context\":\"https:\/\/schema.org\",\"@graph\":[{\"@type\":\"WebPage\",\"@id\":\"https:\/\/www.planeta-neli.es\/foto\/priorino-grande\/\",\"url\":\"https:\/\/www.planeta-neli.es\/foto\/priorino-grande\/\",\"name\":\"Priori\u00f1o grande - Planeta-Neli\",\"isPartOf\":{\"@id\":\"https:\/\/www.planeta-neli.es\/foto\/#website\"},\"datePublished\":\"2021-03-08T20:57:56+00:00\",\"dateModified\":\"2021-03-08T20:57:57+00:00\",\"author\":{\"@id\":\"https:\/\/www.planeta-neli.es\/foto\/#\/schema\/person\/ddcfe48e787595c33b8a8f5f457209a1\"},\"description\":\"Acantilados de Priori\u00f1o grande en Ferrol.\",\"breadcrumb\":{\"@id\":\"https:\/\/www.planeta-neli.es\/foto\/priorino-grande\/#breadcrumb\"},\"inLanguage\":\"es\",\"potentialAction\":[{\"@type\":\"ReadAction\",\"target\":[\"https:\/\/www.planeta-neli.es\/foto\/priorino-grande\/\"]}]},{\"@type\":\"BreadcrumbList\",\"@id\":\"https:\/\/www.planeta-neli.es\/foto\/priorino-grande\/#breadcrumb\",\"itemListElement\":[{\"@type\":\"ListItem\",\"position\":1,\"name\":\"Inicio\",\"item\":\"https:\/\/www.planeta-neli.es\/foto\/\"},{\"@type\":\"ListItem\",\"position\":2,\"name\":\"Priori\u00f1o grande\"}]},{\"@type\":\"WebSite\",\"@id\":\"https:\/\/www.planeta-neli.es\/foto\/#website\",\"url\":\"https:\/\/www.planeta-neli.es\/foto\/\",\"name\":\"Planeta-Neli\",\"description\":\"Fotograf\u00eda \",\"potentialAction\":[{\"@type\":\"SearchAction\",\"target\":{\"@type\":\"EntryPoint\",\"urlTemplate\":\"https:\/\/www.planeta-neli.es\/foto\/?s={search_term_string}\"},\"query-input\":{\"@type\":\"PropertyValueSpecification\",\"valueRequired\":true,\"valueName\":\"search_term_string\"}}],\"inLanguage\":\"es\"},{\"@type\":\"Person\",\"@id\":\"https:\/\/www.planeta-neli.es\/foto\/#\/schema\/person\/ddcfe48e787595c33b8a8f5f457209a1\",\"name\":\"Neli Martin\",\"image\":{\"@type\":\"ImageObject\",\"inLanguage\":\"es\",\"@id\":\"https:\/\/www.planeta-neli.es\/foto\/#\/schema\/person\/image\/\",\"url\":\"https:\/\/secure.gravatar.com\/avatar\/6811fe312ff98219e23f6067d748af7f?s=96&d=mm&r=g\",\"contentUrl\":\"https:\/\/secure.gravatar.com\/avatar\/6811fe312ff98219e23f6067d748af7f?s=96&d=mm&r=g\",\"caption\":\"Neli Martin\"},\"url\":\"https:\/\/www.planeta-neli.es\/foto\/author\/nelifoto\/\"}]}<\/script>\n<!-- \/ Yoast SEO plugin. -->","yoast_head_json":{"title":"Priori\u00f1o grande - Planeta-Neli","description":"Acantilados de Priori\u00f1o grande en Ferrol.","robots":{"index":"index","follow":"follow","max-snippet":"max-snippet:-1","max-image-preview":"max-image-preview:large","max-video-preview":"max-video-preview:-1"},"canonical":"https:\/\/www.planeta-neli.es\/foto\/priorino-grande\/","og_locale":"es_MX","og_type":"article","og_title":"Priori\u00f1o grande - Planeta-Neli","og_description":"Acantilados de Priori\u00f1o grande en Ferrol.","og_url":"https:\/\/www.planeta-neli.es\/foto\/priorino-grande\/","og_site_name":"Planeta-Neli","article_published_time":"2021-03-08T20:57:56+00:00","article_modified_time":"2021-03-08T20:57:57+00:00","author":"Neli Martin","twitter_card":"summary_large_image","twitter_misc":{"Escrito por":"Neli Martin","Tiempo de lectura":"1 minuto"},"schema":{"@context":"https:\/\/schema.org","@graph":[{"@type":"WebPage","@id":"https:\/\/www.planeta-neli.es\/foto\/priorino-grande\/","url":"https:\/\/www.planeta-neli.es\/foto\/priorino-grande\/","name":"Priori\u00f1o grande - Planeta-Neli","isPartOf":{"@id":"https:\/\/www.planeta-neli.es\/foto\/#website"},"datePublished":"2021-03-08T20:57:56+00:00","dateModified":"2021-03-08T20:57:57+00:00","author":{"@id":"https:\/\/www.planeta-neli.es\/foto\/#\/schema\/person\/ddcfe48e787595c33b8a8f5f457209a1"},"description":"Acantilados de Priori\u00f1o grande en Ferrol.","breadcrumb":{"@id":"https:\/\/www.planeta-neli.es\/foto\/priorino-grande\/#breadcrumb"},"inLanguage":"es","potentialAction":[{"@type":"ReadAction","target":["https:\/\/www.planeta-neli.es\/foto\/priorino-grande\/"]}]},{"@type":"BreadcrumbList","@id":"https:\/\/www.planeta-neli.es\/foto\/priorino-grande\/#breadcrumb","itemListElement":[{"@type":"ListItem","position":1,"name":"Inicio","item":"https:\/\/www.planeta-neli.es\/foto\/"},{"@type":"ListItem","position":2,"name":"Priori\u00f1o grande"}]},{"@type":"WebSite","@id":"https:\/\/www.planeta-neli.es\/foto\/#website","url":"https:\/\/www.planeta-neli.es\/foto\/","name":"Planeta-Neli","description":"Fotograf\u00eda ","potentialAction":[{"@type":"SearchAction","target":{"@type":"EntryPoint","urlTemplate":"https:\/\/www.planeta-neli.es\/foto\/?s={search_term_string}"},"query-input":{"@type":"PropertyValueSpecification","valueRequired":true,"valueName":"search_term_string"}}],"inLanguage":"es"},{"@type":"Person","@id":"https:\/\/www.planeta-neli.es\/foto\/#\/schema\/person\/ddcfe48e787595c33b8a8f5f457209a1","name":"Neli Martin","image":{"@type":"ImageObject","inLanguage":"es","@id":"https:\/\/www.planeta-neli.es\/foto\/#\/schema\/person\/image\/","url":"https:\/\/secure.gravatar.com\/avatar\/6811fe312ff98219e23f6067d748af7f?s=96&d=mm&r=g","contentUrl":"https:\/\/secure.gravatar.com\/avatar\/6811fe312ff98219e23f6067d748af7f?s=96&d=mm&r=g","caption":"Neli Martin"},"url":"https:\/\/www.planeta-neli.es\/foto\/author\/nelifoto\/"}]}},"_links":{"self":[{"href":"https:\/\/www.planeta-neli.es\/foto\/wp-json\/wp\/v2\/posts\/1315"}],"collection":[{"href":"https:\/\/www.planeta-neli.es\/foto\/wp-json\/wp\/v2\/posts"}],"about":[{"href":"https:\/\/www.planeta-neli.es\/foto\/wp-json\/wp\/v2\/types\/post"}],"author":[{"embeddable":true,"href":"https:\/\/www.planeta-neli.es\/foto\/wp-json\/wp\/v2\/users\/1"}],"replies":[{"embeddable":true,"href":"https:\/\/www.planeta-neli.es\/foto\/wp-json\/wp\/v2\/comments?post=1315"}],"version-history":[{"count":2,"href":"https:\/\/www.planeta-neli.es\/foto\/wp-json\/wp\/v2\/posts\/1315\/revisions"}],"predecessor-version":[{"id":1317,"href":"https:\/\/www.planeta-neli.es\/foto\/wp-json\/wp\/v2\/posts\/1315\/revisions\/1317"}],"wp:attachment":[{"href":"https:\/\/www.planeta-neli.es\/foto\/wp-json\/wp\/v2\/media?parent=1315"}],"wp:term":[{"taxonomy":"category","embeddable":true,"href":"https:\/\/www.planeta-neli.es\/foto\/wp-json\/wp\/v2\/categories?post=1315"},{"taxonomy":"post_tag","embeddable":true,"href":"https:\/\/www.planeta-neli.es\/foto\/wp-json\/wp\/v2\/tags?post=1315"}],"curies":[{"name":"wp","href":"https:\/\/api.w.org\/{rel}","templated":true}]}}