{"id":191,"date":"2017-02-08T15:30:49","date_gmt":"2017-02-08T21:30:49","guid":{"rendered":"http:\/\/www.planeta-neli.es\/foto\/?p=191"},"modified":"2017-02-08T15:31:49","modified_gmt":"2017-02-08T21:31:49","slug":"san-andres","status":"publish","type":"post","link":"https:\/\/www.planeta-neli.es\/foto\/san-andres\/","title":{"rendered":"San Andr\u00e9s de Teixido, Cedeira (Coru\u00f1a)"},"content":{"rendered":"<h2>Visita obligada a San Andr\u00e9s<\/h2>\n<p>&nbsp;<br \/>\n<em>San Andr\u00e9s de Teixido, es una peque\u00f1a aldea de la parroquia de R\u00e9goa, perteneciente a Cedeira, situada en un peque\u00f1o valle al lado de los acantidados de A Capelada.<br \/>\n&nbsp;<br \/>\nHay varias leyendas sobre este lugar. Una de ellas cuenta que San Andr\u00e9s, algo celoso de Santiago por la cantidad de visitas que ten\u00eda en su Santuario se quej\u00f3 a Dios por tener que quedarse en un santuario tan retirado y al que no acud\u00eda nadie, Dios le prometi\u00f3 que tendr\u00eda un Santuario donde todo el mundo ir\u00eda de peregrinaci\u00f3n, y quien no fuera de vivo ir\u00eda de muerto, por eso el dicho popular: A San Andr\u00e9s de Teixido vai de morto quen non foi de vivo&#8221; \/ &#8220;A San Andr\u00e9s de Teixido va de muerto quien no fue de vivo&#8221;. Pero son muchas las leyendas que hablan de un naufragio, de los celtas, etc&#8230;<br \/>\n&nbsp;<br \/>\nPero lo que nadie duda es que es un lugar de visita obligada por se una aldea con encanto cuyo centro no puede ser otro que el Santuario, pero sin dejar de lado todo el entorno que lo rodea.<br \/>\n<\/em><br \/>\n&nbsp;<br \/>\n\n<div class=\"ngg-galleryoverview ngg-slideshow\"\n\tid=\"ngg-slideshow-b2d5eba1574e0a15edb7cc3d29de0f32-9889927080\"\n\tdata-gallery-id=\"b2d5eba1574e0a15edb7cc3d29de0f32\"\n\tstyle=\"max-width: 600px;\n\t\t\tmax-height: 400px;\n\t\t\tdisplay: none;\">\n\n\t\n\t\t<a href=\"https:\/\/www.planeta-neli.es\/foto\/wp-content\/gallery\/sanandres\/Teixido-01.jpg\"\n\t\t\ttitle=\"San Andr\u00e9s de Teixido - iglesia\"\n\t\t\tdata-src=\"https:\/\/www.planeta-neli.es\/foto\/wp-content\/gallery\/sanandres\/Teixido-01.jpg\"\n\t\t\tdata-thumbnail=\"https:\/\/www.planeta-neli.es\/foto\/wp-content\/gallery\/sanandres\/thumbs\/thumbs_Teixido-01.jpg\"\n\t\t\tdata-image-id=\"41\"\n\t\t\tdata-title=\"San Andr\u00e9s de Teixido\"\n\t\t\tdata-description=\"San Andr\u00e9s de Teixido - iglesia\"\n\t\t\tclass=\"ngg-fancybox\" rel=\"b2d5eba1574e0a15edb7cc3d29de0f32\">\n\n\t\t\t<img data-image-id='41'\n\t\t\t\ttitle=\"San Andr\u00e9s de Teixido - iglesia\"\n\t\t\t\talt=\"San Andr\u00e9s de Teixido\"\n\t\t\t\tsrc=\"https:\/\/www.planeta-neli.es\/foto\/wp-content\/gallery\/sanandres\/Teixido-01.jpg\"\n\t\t\t\tstyle=\"max-height: 380px;\"\/>\n\t\t<\/a>\n\n\t\t\n\t\t<a href=\"https:\/\/www.planeta-neli.es\/foto\/wp-content\/gallery\/sanandres\/Teixido-06.jpg\"\n\t\t\ttitle=\"San Andr\u00e9s de Teixido - capilla\"\n\t\t\tdata-src=\"https:\/\/www.planeta-neli.es\/foto\/wp-content\/gallery\/sanandres\/Teixido-06.jpg\"\n\t\t\tdata-thumbnail=\"https:\/\/www.planeta-neli.es\/foto\/wp-content\/gallery\/sanandres\/thumbs\/thumbs_Teixido-06.jpg\"\n\t\t\tdata-image-id=\"40\"\n\t\t\tdata-title=\"San Andr\u00e9s de Teixido\"\n\t\t\tdata-description=\"San Andr\u00e9s de Teixido - capilla\"\n\t\t\tclass=\"ngg-fancybox\" rel=\"b2d5eba1574e0a15edb7cc3d29de0f32\">\n\n\t\t\t<img data-image-id='40'\n\t\t\t\ttitle=\"San Andr\u00e9s de Teixido - capilla\"\n\t\t\t\talt=\"San Andr\u00e9s de Teixido\"\n\t\t\t\tsrc=\"https:\/\/www.planeta-neli.es\/foto\/wp-content\/gallery\/sanandres\/Teixido-06.jpg\"\n\t\t\t\tstyle=\"max-height: 380px;\"\/>\n\t\t<\/a>\n\n\t\t\n\t\t<a href=\"https:\/\/www.planeta-neli.es\/foto\/wp-content\/gallery\/sanandres\/Teixido-02.jpg\"\n\t\t\ttitle=\"San Andr\u00e9s de Teixido - pueblo\"\n\t\t\tdata-src=\"https:\/\/www.planeta-neli.es\/foto\/wp-content\/gallery\/sanandres\/Teixido-02.jpg\"\n\t\t\tdata-thumbnail=\"https:\/\/www.planeta-neli.es\/foto\/wp-content\/gallery\/sanandres\/thumbs\/thumbs_Teixido-02.jpg\"\n\t\t\tdata-image-id=\"42\"\n\t\t\tdata-title=\"San Andr\u00e9s de Teixido\"\n\t\t\tdata-description=\"San Andr\u00e9s de Teixido - pueblo\"\n\t\t\tclass=\"ngg-fancybox\" rel=\"b2d5eba1574e0a15edb7cc3d29de0f32\">\n\n\t\t\t<img data-image-id='42'\n\t\t\t\ttitle=\"San Andr\u00e9s de Teixido - pueblo\"\n\t\t\t\talt=\"San Andr\u00e9s de Teixido\"\n\t\t\t\tsrc=\"https:\/\/www.planeta-neli.es\/foto\/wp-content\/gallery\/sanandres\/Teixido-02.jpg\"\n\t\t\t\tstyle=\"max-height: 380px;\"\/>\n\t\t<\/a>\n\n\t\t\n\t\t<a href=\"https:\/\/www.planeta-neli.es\/foto\/wp-content\/gallery\/sanandres\/Teixido-03.jpg\"\n\t\t\ttitle=\"San Andr\u00e9s de Teixido - merendero\"\n\t\t\tdata-src=\"https:\/\/www.planeta-neli.es\/foto\/wp-content\/gallery\/sanandres\/Teixido-03.jpg\"\n\t\t\tdata-thumbnail=\"https:\/\/www.planeta-neli.es\/foto\/wp-content\/gallery\/sanandres\/thumbs\/thumbs_Teixido-03.jpg\"\n\t\t\tdata-image-id=\"43\"\n\t\t\tdata-title=\"San Andr\u00e9s de Teixido\"\n\t\t\tdata-description=\"San Andr\u00e9s de Teixido - merendero\"\n\t\t\tclass=\"ngg-fancybox\" rel=\"b2d5eba1574e0a15edb7cc3d29de0f32\">\n\n\t\t\t<img data-image-id='43'\n\t\t\t\ttitle=\"San Andr\u00e9s de Teixido - merendero\"\n\t\t\t\talt=\"San Andr\u00e9s de Teixido\"\n\t\t\t\tsrc=\"https:\/\/www.planeta-neli.es\/foto\/wp-content\/gallery\/sanandres\/Teixido-03.jpg\"\n\t\t\t\tstyle=\"max-height: 380px;\"\/>\n\t\t<\/a>\n\n\t\t\n\t\t<a href=\"https:\/\/www.planeta-neli.es\/foto\/wp-content\/gallery\/sanandres\/Teixido-05.jpg\"\n\t\t\ttitle=\"San Andr\u00e9s de Teixido - rosquillas\"\n\t\t\tdata-src=\"https:\/\/www.planeta-neli.es\/foto\/wp-content\/gallery\/sanandres\/Teixido-05.jpg\"\n\t\t\tdata-thumbnail=\"https:\/\/www.planeta-neli.es\/foto\/wp-content\/gallery\/sanandres\/thumbs\/thumbs_Teixido-05.jpg\"\n\t\t\tdata-image-id=\"39\"\n\t\t\tdata-title=\"San Andr\u00e9s de Teixido\"\n\t\t\tdata-description=\"San Andr\u00e9s de Teixido - rosquillas\"\n\t\t\tclass=\"ngg-fancybox\" rel=\"b2d5eba1574e0a15edb7cc3d29de0f32\">\n\n\t\t\t<img data-image-id='39'\n\t\t\t\ttitle=\"San Andr\u00e9s de Teixido - rosquillas\"\n\t\t\t\talt=\"San Andr\u00e9s de Teixido\"\n\t\t\t\tsrc=\"https:\/\/www.planeta-neli.es\/foto\/wp-content\/gallery\/sanandres\/Teixido-05.jpg\"\n\t\t\t\tstyle=\"max-height: 380px;\"\/>\n\t\t<\/a>\n\n\t\t\n\t\t<a href=\"https:\/\/www.planeta-neli.es\/foto\/wp-content\/gallery\/sanandres\/Teixido-04.jpg\"\n\t\t\ttitle=\"San Andr\u00e9s de Teixido - acantilados\"\n\t\t\tdata-src=\"https:\/\/www.planeta-neli.es\/foto\/wp-content\/gallery\/sanandres\/Teixido-04.jpg\"\n\t\t\tdata-thumbnail=\"https:\/\/www.planeta-neli.es\/foto\/wp-content\/gallery\/sanandres\/thumbs\/thumbs_Teixido-04.jpg\"\n\t\t\tdata-image-id=\"44\"\n\t\t\tdata-title=\"San Andr\u00e9s de Teixido\"\n\t\t\tdata-description=\"San Andr\u00e9s de Teixido - acantilados\"\n\t\t\tclass=\"ngg-fancybox\" rel=\"b2d5eba1574e0a15edb7cc3d29de0f32\">\n\n\t\t\t<img data-image-id='44'\n\t\t\t\ttitle=\"San Andr\u00e9s de Teixido - acantilados\"\n\t\t\t\talt=\"San Andr\u00e9s de Teixido\"\n\t\t\t\tsrc=\"https:\/\/www.planeta-neli.es\/foto\/wp-content\/gallery\/sanandres\/Teixido-04.jpg\"\n\t\t\t\tstyle=\"max-height: 380px;\"\/>\n\t\t<\/a>\n\n\t\t<\/div>\n\n\t\t<!-- Thumbnails Link -->\n\t<div class=\"slideshowlink\" style=\"max-width: 600px;\">\n\t\t<a href='https:\/\/www.planeta-neli.es\/foto\/san-andres\/nggallery\/thumbnails'>&#091;Reproducci\u00f3n autom\u00e1tica&#093;<\/a>\n\t<\/div>\n\n<br \/>\n&nbsp;<\/p>\n<h5><span style=\"color: #0000ff;\">Pincha <a style=\"color: #0000ff;\" href=\"http:\/\/www.planeta-neli.es\/foto\/sanandres\/\">aqu\u00ed <\/a>para acceder a la galer\u00eda de estas fotograf\u00edas<\/span><\/h5>\n<p>&nbsp;<\/p>\n<pre> Textos e im\u00e1genes: \u00a9 Neli Mart\u00edn. Der. Res.<\/pre>\n","protected":false},"excerpt":{"rendered":"<p>Visita obligada a San Andr\u00e9s &nbsp; San Andr\u00e9s de Teixido, es una peque\u00f1a aldea de la parroquia de R\u00e9goa, perteneciente a Cedeira, situada en un peque\u00f1o valle al lado de los acantidados de A Capelada. &nbsp; Hay varias leyendas sobre este lugar. Una de ellas cuenta que San Andr\u00e9s, algo celoso de Santiago por la <a class=\"read-more\" href=\"https:\/\/www.planeta-neli.es\/foto\/san-andres\/\">Read More<\/a><\/p>\n","protected":false},"author":1,"featured_media":0,"comment_status":"open","ping_status":"open","sticky":false,"template":"","format":"standard","meta":{"ngg_post_thumbnail":0,"footnotes":""},"categories":[12,31,80,30,32,70],"tags":[],"class_list":["post-191","post","type-post","status-publish","format-standard","hentry","category-fotografia","category-galicia","category-mar","category-naturaleza","category-paisaje","category-rincones-con-encanto"],"yoast_head":"<!-- This site is optimized with the Yoast SEO plugin v23.5 - https:\/\/yoast.com\/wordpress\/plugins\/seo\/ -->\n<title>San Andr\u00e9s de Teixido, Cedeira (Coru\u00f1a) - Planeta-Neli<\/title>\n<meta name=\"robots\" content=\"index, follow, max-snippet:-1, max-image-preview:large, max-video-preview:-1\" \/>\n<link rel=\"canonical\" href=\"https:\/\/www.planeta-neli.es\/foto\/san-andres\/\" \/>\n<meta property=\"og:locale\" content=\"es_MX\" \/>\n<meta property=\"og:type\" content=\"article\" \/>\n<meta property=\"og:title\" content=\"San Andr\u00e9s de Teixido, Cedeira (Coru\u00f1a) - Planeta-Neli\" \/>\n<meta property=\"og:description\" content=\"Visita obligada a San Andr\u00e9s &nbsp; San Andr\u00e9s de Teixido, es una peque\u00f1a aldea de la parroquia de R\u00e9goa, perteneciente a Cedeira, situada en un peque\u00f1o valle al lado de los acantidados de A Capelada. &nbsp; Hay varias leyendas sobre este lugar. Una de ellas cuenta que San Andr\u00e9s, algo celoso de Santiago por la Read More\" \/>\n<meta property=\"og:url\" content=\"https:\/\/www.planeta-neli.es\/foto\/san-andres\/\" \/>\n<meta property=\"og:site_name\" content=\"Planeta-Neli\" \/>\n<meta property=\"article:published_time\" content=\"2017-02-08T21:30:49+00:00\" \/>\n<meta property=\"article:modified_time\" content=\"2017-02-08T21:31:49+00:00\" \/>\n<meta name=\"author\" content=\"Neli Martin\" \/>\n<meta name=\"twitter:card\" content=\"summary_large_image\" \/>\n<meta name=\"twitter:label1\" content=\"Escrito por\" \/>\n\t<meta name=\"twitter:data1\" content=\"Neli Martin\" \/>\n\t<meta name=\"twitter:label2\" content=\"Tiempo de lectura\" \/>\n\t<meta name=\"twitter:data2\" content=\"1 minuto\" \/>\n<script type=\"application\/ld+json\" class=\"yoast-schema-graph\">{\"@context\":\"https:\/\/schema.org\",\"@graph\":[{\"@type\":\"WebPage\",\"@id\":\"https:\/\/www.planeta-neli.es\/foto\/san-andres\/\",\"url\":\"https:\/\/www.planeta-neli.es\/foto\/san-andres\/\",\"name\":\"San Andr\u00e9s de Teixido, Cedeira (Coru\u00f1a) - Planeta-Neli\",\"isPartOf\":{\"@id\":\"https:\/\/www.planeta-neli.es\/foto\/#website\"},\"datePublished\":\"2017-02-08T21:30:49+00:00\",\"dateModified\":\"2017-02-08T21:31:49+00:00\",\"author\":{\"@id\":\"https:\/\/www.planeta-neli.es\/foto\/#\/schema\/person\/ddcfe48e787595c33b8a8f5f457209a1\"},\"breadcrumb\":{\"@id\":\"https:\/\/www.planeta-neli.es\/foto\/san-andres\/#breadcrumb\"},\"inLanguage\":\"es\",\"potentialAction\":[{\"@type\":\"ReadAction\",\"target\":[\"https:\/\/www.planeta-neli.es\/foto\/san-andres\/\"]}]},{\"@type\":\"BreadcrumbList\",\"@id\":\"https:\/\/www.planeta-neli.es\/foto\/san-andres\/#breadcrumb\",\"itemListElement\":[{\"@type\":\"ListItem\",\"position\":1,\"name\":\"Inicio\",\"item\":\"https:\/\/www.planeta-neli.es\/foto\/\"},{\"@type\":\"ListItem\",\"position\":2,\"name\":\"San Andr\u00e9s de Teixido, Cedeira (Coru\u00f1a)\"}]},{\"@type\":\"WebSite\",\"@id\":\"https:\/\/www.planeta-neli.es\/foto\/#website\",\"url\":\"https:\/\/www.planeta-neli.es\/foto\/\",\"name\":\"Planeta-Neli\",\"description\":\"Fotograf\u00eda \",\"potentialAction\":[{\"@type\":\"SearchAction\",\"target\":{\"@type\":\"EntryPoint\",\"urlTemplate\":\"https:\/\/www.planeta-neli.es\/foto\/?s={search_term_string}\"},\"query-input\":{\"@type\":\"PropertyValueSpecification\",\"valueRequired\":true,\"valueName\":\"search_term_string\"}}],\"inLanguage\":\"es\"},{\"@type\":\"Person\",\"@id\":\"https:\/\/www.planeta-neli.es\/foto\/#\/schema\/person\/ddcfe48e787595c33b8a8f5f457209a1\",\"name\":\"Neli Martin\",\"image\":{\"@type\":\"ImageObject\",\"inLanguage\":\"es\",\"@id\":\"https:\/\/www.planeta-neli.es\/foto\/#\/schema\/person\/image\/\",\"url\":\"https:\/\/secure.gravatar.com\/avatar\/6811fe312ff98219e23f6067d748af7f?s=96&d=mm&r=g\",\"contentUrl\":\"https:\/\/secure.gravatar.com\/avatar\/6811fe312ff98219e23f6067d748af7f?s=96&d=mm&r=g\",\"caption\":\"Neli Martin\"},\"url\":\"https:\/\/www.planeta-neli.es\/foto\/author\/nelifoto\/\"}]}<\/script>\n<!-- \/ Yoast SEO plugin. -->","yoast_head_json":{"title":"San Andr\u00e9s de Teixido, Cedeira (Coru\u00f1a) - Planeta-Neli","robots":{"index":"index","follow":"follow","max-snippet":"max-snippet:-1","max-image-preview":"max-image-preview:large","max-video-preview":"max-video-preview:-1"},"canonical":"https:\/\/www.planeta-neli.es\/foto\/san-andres\/","og_locale":"es_MX","og_type":"article","og_title":"San Andr\u00e9s de Teixido, Cedeira (Coru\u00f1a) - Planeta-Neli","og_description":"Visita obligada a San Andr\u00e9s &nbsp; San Andr\u00e9s de Teixido, es una peque\u00f1a aldea de la parroquia de R\u00e9goa, perteneciente a Cedeira, situada en un peque\u00f1o valle al lado de los acantidados de A Capelada. &nbsp; Hay varias leyendas sobre este lugar. Una de ellas cuenta que San Andr\u00e9s, algo celoso de Santiago por la Read More","og_url":"https:\/\/www.planeta-neli.es\/foto\/san-andres\/","og_site_name":"Planeta-Neli","article_published_time":"2017-02-08T21:30:49+00:00","article_modified_time":"2017-02-08T21:31:49+00:00","author":"Neli Martin","twitter_card":"summary_large_image","twitter_misc":{"Escrito por":"Neli Martin","Tiempo de lectura":"1 minuto"},"schema":{"@context":"https:\/\/schema.org","@graph":[{"@type":"WebPage","@id":"https:\/\/www.planeta-neli.es\/foto\/san-andres\/","url":"https:\/\/www.planeta-neli.es\/foto\/san-andres\/","name":"San Andr\u00e9s de Teixido, Cedeira (Coru\u00f1a) - Planeta-Neli","isPartOf":{"@id":"https:\/\/www.planeta-neli.es\/foto\/#website"},"datePublished":"2017-02-08T21:30:49+00:00","dateModified":"2017-02-08T21:31:49+00:00","author":{"@id":"https:\/\/www.planeta-neli.es\/foto\/#\/schema\/person\/ddcfe48e787595c33b8a8f5f457209a1"},"breadcrumb":{"@id":"https:\/\/www.planeta-neli.es\/foto\/san-andres\/#breadcrumb"},"inLanguage":"es","potentialAction":[{"@type":"ReadAction","target":["https:\/\/www.planeta-neli.es\/foto\/san-andres\/"]}]},{"@type":"BreadcrumbList","@id":"https:\/\/www.planeta-neli.es\/foto\/san-andres\/#breadcrumb","itemListElement":[{"@type":"ListItem","position":1,"name":"Inicio","item":"https:\/\/www.planeta-neli.es\/foto\/"},{"@type":"ListItem","position":2,"name":"San Andr\u00e9s de Teixido, Cedeira (Coru\u00f1a)"}]},{"@type":"WebSite","@id":"https:\/\/www.planeta-neli.es\/foto\/#website","url":"https:\/\/www.planeta-neli.es\/foto\/","name":"Planeta-Neli","description":"Fotograf\u00eda ","potentialAction":[{"@type":"SearchAction","target":{"@type":"EntryPoint","urlTemplate":"https:\/\/www.planeta-neli.es\/foto\/?s={search_term_string}"},"query-input":{"@type":"PropertyValueSpecification","valueRequired":true,"valueName":"search_term_string"}}],"inLanguage":"es"},{"@type":"Person","@id":"https:\/\/www.planeta-neli.es\/foto\/#\/schema\/person\/ddcfe48e787595c33b8a8f5f457209a1","name":"Neli Martin","image":{"@type":"ImageObject","inLanguage":"es","@id":"https:\/\/www.planeta-neli.es\/foto\/#\/schema\/person\/image\/","url":"https:\/\/secure.gravatar.com\/avatar\/6811fe312ff98219e23f6067d748af7f?s=96&d=mm&r=g","contentUrl":"https:\/\/secure.gravatar.com\/avatar\/6811fe312ff98219e23f6067d748af7f?s=96&d=mm&r=g","caption":"Neli Martin"},"url":"https:\/\/www.planeta-neli.es\/foto\/author\/nelifoto\/"}]}},"_links":{"self":[{"href":"https:\/\/www.planeta-neli.es\/foto\/wp-json\/wp\/v2\/posts\/191"}],"collection":[{"href":"https:\/\/www.planeta-neli.es\/foto\/wp-json\/wp\/v2\/posts"}],"about":[{"href":"https:\/\/www.planeta-neli.es\/foto\/wp-json\/wp\/v2\/types\/post"}],"author":[{"embeddable":true,"href":"https:\/\/www.planeta-neli.es\/foto\/wp-json\/wp\/v2\/users\/1"}],"replies":[{"embeddable":true,"href":"https:\/\/www.planeta-neli.es\/foto\/wp-json\/wp\/v2\/comments?post=191"}],"version-history":[{"count":2,"href":"https:\/\/www.planeta-neli.es\/foto\/wp-json\/wp\/v2\/posts\/191\/revisions"}],"predecessor-version":[{"id":193,"href":"https:\/\/www.planeta-neli.es\/foto\/wp-json\/wp\/v2\/posts\/191\/revisions\/193"}],"wp:attachment":[{"href":"https:\/\/www.planeta-neli.es\/foto\/wp-json\/wp\/v2\/media?parent=191"}],"wp:term":[{"taxonomy":"category","embeddable":true,"href":"https:\/\/www.planeta-neli.es\/foto\/wp-json\/wp\/v2\/categories?post=191"},{"taxonomy":"post_tag","embeddable":true,"href":"https:\/\/www.planeta-neli.es\/foto\/wp-json\/wp\/v2\/tags?post=191"}],"curies":[{"name":"wp","href":"https:\/\/api.w.org\/{rel}","templated":true}]}}