{"id":3148,"date":"2016-02-01T02:32:17","date_gmt":"2016-02-01T00:32:17","guid":{"rendered":"http:\/\/www.planeta-neli.es\/?p=3148"},"modified":"2016-02-01T02:58:36","modified_gmt":"2016-02-01T00:58:36","slug":"aplysia-punctata-liebre-de-mar","status":"publish","type":"post","link":"https:\/\/www.planeta-neli.es\/index.php\/2016\/02\/01\/aplysia-punctata-liebre-de-mar\/","title":{"rendered":"Aplysia punctata &#8211; Liebre de mar"},"content":{"rendered":"<p><figure style=\"width: 600px\" class=\"wp-caption aligncenter\"><a class=\"ngg-fancybox\" title=\"OLYMPUS DIGITAL CAMERA\" href=\"http:\/\/www.planeta-neli.es\/wp-content\/gallery\/invertebrados_1\/Aplysia-punctata-01.jpg\" rel=\"\" data-image-id=\"1044\" data-src=\"http:\/\/www.planeta-neli.es\/wp-content\/gallery\/invertebrados_1\/Aplysia-punctata-01.jpg\" data-thumbnail=\"http:\/\/www.planeta-neli.es\/wp-content\/gallery\/invertebrados_1\/thumbs\/thumbs_Aplysia-punctata-01.jpg\" data-title=\"OLYMPUS DIGITAL CAMERA\" data-description=\"OLYMPUS DIGITAL CAMERA\"><img decoding=\"async\" class=\"ngg-singlepic ngg-none\" src=\"http:\/\/www.planeta-neli.es\/wp-content\/gallery\/invertebrados_1\/Aplysia-punctata-01.jpg\" alt=\"OLYMPUS DIGITAL CAMERA\" \/><\/a><figcaption class=\"wp-caption-text\"><\/p>\n<h6>\u00a9 Neli Mart\u00edn. Der. Res.<\/h6>\n<p><\/figcaption><\/figure><br \/>\n<br \/>&nbsp; <\/br><\/p>\n<h2>Aplysia punctata<\/h2>\n<p>&nbsp; <\/br><br \/>\nMolusco gaster\u00f3podo del orden Opisthobranchia, conocido popularmente como \u00abliebre de mar\u00bb.<\/p>\n<p><figure style=\"width: 400px\" class=\"wp-caption alignright\"><a class=\"ngg-fancybox\" title=\"OLYMPUS DIGITAL CAMERA\" href=\"http:\/\/www.planeta-neli.es\/wp-content\/gallery\/invertebrados_1\/Aplysia-punctata-02.jpg\" rel=\"\" data-image-id=\"1044\" data-src=\"http:\/\/www.planeta-neli.es\/wp-content\/gallery\/invertebrados_1\/Aplysia-punctata-02.jpg\" data-thumbnail=\"http:\/\/www.planeta-neli.es\/wp-content\/gallery\/invertebrados_1\/thumbs\/thumbs_Aplysia-punctata-02.jpg\" data-title=\"OLYMPUS DIGITAL CAMERA\" data-description=\"OLYMPUS DIGITAL CAMERA\"><img loading=\"lazy\" decoding=\"async\" class=\"ngg-singlepic ngg-none\" src=\"http:\/\/www.planeta-neli.es\/wp-content\/gallery\/invertebrados_1\/Aplysia-punctata-02.jpg\" alt=\"OLYMPUS DIGITAL CAMERA\" width=\"400\" height=\"400\" \/><\/a><figcaption class=\"wp-caption-text\"><\/p>\n<h6>\u00a9 Neli Mart\u00edn. Der. Res.<\/h6>\n<p><\/figcaption><\/figure><br \/>\n<br \/>&nbsp; <\/br><br \/>\nFilo: Molusca<br \/>\nClase: Gastropod<br \/>\nOrden: Opisthobranchia<br \/>\nSuborden: Anaspidea<br \/>\nFamilia: Aplysiidae<br \/>\nG\u00e9nero: Aplysia<br \/>\nEspecie: A. punctata (Cuvier, 1803)<br \/>\n<br \/>&nbsp; <\/br><br \/>\nPuede llegar a tener un tama\u00f1o de 20cm, aunque lo normal es que sea de unos 10cm. En la cabeza tiene 4 tent\u00e1culos cef\u00e1licos, dos de ellos son rin\u00f3foros, que son \u00f3rganos sensoriales en forma de cuernos. Su cuerpo abombado tiene una concha interna muy fr\u00e1gil y transl\u00facida.<br \/>\n<br \/>&nbsp; <\/br><br \/>\nEn la fotograf\u00eda se puede ver un ejemplar joven, ya que en la fase adulta su color puede ser verde, marr\u00f3n o incluso negro. Su cuerpo est\u00e1 salpicado con peque\u00f1os puntos blancos aunque algunas veces pueden ser oscuros.<br \/>\n<br \/>&nbsp; <\/br><br \/>\n<figure style=\"width: 401px\" class=\"wp-caption alignleft\"><a class=\"ngg-fancybox\" title=\"OLYMPUS DIGITAL CAMERA\" href=\"http:\/\/www.planeta-neli.es\/wp-content\/gallery\/invertebrados_1\/Aplysia-punctata-03.jpg\" rel=\"\" data-image-id=\"1044\" data-src=\"http:\/\/www.planeta-neli.es\/wp-content\/gallery\/invertebrados_1\/Aplysia-punctata-03.jpg\" data-thumbnail=\"http:\/\/www.planeta-neli.es\/wp-content\/gallery\/invertebrados_1\/thumbs\/thumbs_Aplysia-punctata-03.jpg\" data-title=\"OLYMPUS DIGITAL CAMERA\" data-description=\"OLYMPUS DIGITAL CAMERA\"><img loading=\"lazy\" decoding=\"async\" class=\"ngg-singlepic ngg-none\" src=\"http:\/\/www.planeta-neli.es\/wp-content\/gallery\/invertebrados_1\/Aplysia-punctata-03.jpg\" alt=\"OLYMPUS DIGITAL CAMERA\" width=\"401\" height=\"267\" \/><\/a><figcaption class=\"wp-caption-text\"><\/p>\n<h6>\u00a9 Neli Mart\u00edn. Der. Res.<\/h6>\n<p><\/figcaption><\/figure><\/p>\n<p>Viven en aguas costeras poco profundas ya que es donde encuentran su alimento, algas fot\u00f3filas de diversos colores y que seg\u00fan el color del alga as\u00ed ser\u00e1 el color que muestren estos moluscos. Los j\u00f3venes se alimentan de algas rojas mientras que los adultos se alimentan de diversas algas verdes.<br \/>\n<br \/>&nbsp; <\/br><br \/>\nSon hermafroditas. Las puestas son de color rosado y forman una especie de tiras entrelazadas, estas puestas las realizan en primavera y verano.<br \/>\n<br \/>&nbsp; <\/br><br \/>\nEsta especie se puede encontrar de forma habitual por el litoral gallego y asturiano.<br \/>\n<br \/>&nbsp; <\/br><\/p>\n<pre> Textos e im\u00e1genes: Neli Mart\u00edn. Der. Res.<\/pre>\n","protected":false},"excerpt":{"rendered":"<p>&nbsp; Aplysia punctata &nbsp; Molusco gaster\u00f3podo del orden Opisthobranchia, conocido popularmente como \u00abliebre de mar\u00bb. &nbsp; Filo: Molusca Clase: Gastropod Orden: Opisthobranchia Suborden: Anaspidea Familia: Aplysiidae G\u00e9nero: Aplysia Especie: A. punctata (Cuvier, 1803) &nbsp; Puede llegar a tener un tama\u00f1o de 20cm, aunque lo normal es que sea de unos 10cm. En la cabeza tiene [&hellip;]<\/p>\n","protected":false},"author":1,"featured_media":0,"comment_status":"open","ping_status":"open","sticky":false,"template":"","format":"standard","meta":{"_exactmetrics_skip_tracking":false,"_exactmetrics_sitenote_active":false,"_exactmetrics_sitenote_note":"","_exactmetrics_sitenote_category":0,"footnotes":""},"categories":[27,44,309,45],"tags":[421,422,423,424],"_links":{"self":[{"href":"https:\/\/www.planeta-neli.es\/index.php\/wp-json\/wp\/v2\/posts\/3148"}],"collection":[{"href":"https:\/\/www.planeta-neli.es\/index.php\/wp-json\/wp\/v2\/posts"}],"about":[{"href":"https:\/\/www.planeta-neli.es\/index.php\/wp-json\/wp\/v2\/types\/post"}],"author":[{"embeddable":true,"href":"https:\/\/www.planeta-neli.es\/index.php\/wp-json\/wp\/v2\/users\/1"}],"replies":[{"embeddable":true,"href":"https:\/\/www.planeta-neli.es\/index.php\/wp-json\/wp\/v2\/comments?post=3148"}],"version-history":[{"count":0,"href":"https:\/\/www.planeta-neli.es\/index.php\/wp-json\/wp\/v2\/posts\/3148\/revisions"}],"wp:attachment":[{"href":"https:\/\/www.planeta-neli.es\/index.php\/wp-json\/wp\/v2\/media?parent=3148"}],"wp:term":[{"taxonomy":"category","embeddable":true,"href":"https:\/\/www.planeta-neli.es\/index.php\/wp-json\/wp\/v2\/categories?post=3148"},{"taxonomy":"post_tag","embeddable":true,"href":"https:\/\/www.planeta-neli.es\/index.php\/wp-json\/wp\/v2\/tags?post=3148"}],"curies":[{"name":"wp","href":"https:\/\/api.w.org\/{rel}","templated":true}]}}